{"id":3610,"date":"2024-05-19T17:50:35","date_gmt":"2024-05-19T17:50:35","guid":{"rendered":"https:\/\/almarlawyers.com\/?p=3610"},"modified":"2024-05-19T17:50:35","modified_gmt":"2024-05-19T17:50:35","slug":"gestion-de-patrimonio-en-ibiza","status":"publish","type":"post","link":"https:\/\/almarlawyers.com\/es\/gestion-de-patrimonio-en-ibiza\/","title":{"rendered":"Gesti\u00f3n de patrimonio en Ibiza \u00bfC\u00f3mo gestionar tu papeleo diario?"},"content":{"rendered":"<p><div class=\"fusion-fullwidth fullwidth-box fusion-builder-row-1 fusion-flex-container has-pattern-background has-mask-background fusion-parallax-none nonhundred-percent-fullwidth non-hundred-percent-height-scrolling lazyload\" style=\"--awb-background-blend-mode:overlay;--awb-border-radius-top-left:0px;--awb-border-radius-top-right:0px;--awb-border-radius-bottom-right:0px;--awb-border-radius-bottom-left:0px;--awb-padding-top:90px;--awb-padding-right:0px;--awb-padding-bottom:90px;--awb-padding-left:0px;--awb-background-color:rgba(0,0,0,0.45);--awb-background-size:cover;--awb-flex-wrap:wrap;\" data-bg=\"https:\/\/almarlawyers.com\/wp-content\/uploads\/2024\/05\/WhatsApp-Image-2024-04-22-at-22.45.14-1024x768.jpeg\" ><div class=\"fusion-builder-row fusion-row fusion-flex-align-items-flex-start fusion-flex-content-wrap\" style=\"max-width:1248px;margin-left: calc(-4% \/ 2 );margin-right: calc(-4% \/ 2 );\"><div class=\"fusion-layout-column fusion_builder_column fusion-builder-column-0 fusion_builder_column_1_1 1_1 fusion-flex-column\" style=\"--awb-bg-size:cover;--awb-width-large:100%;--awb-margin-top-large:0px;--awb-spacing-right-large:1.92%;--awb-margin-bottom-large:20px;--awb-spacing-left-large:1.92%;--awb-width-medium:100%;--awb-order-medium:0;--awb-spacing-right-medium:1.92%;--awb-spacing-left-medium:1.92%;--awb-width-small:100%;--awb-order-small:0;--awb-spacing-right-small:1.92%;--awb-spacing-left-small:1.92%;\" data-scroll-devices=\"small-visibility,medium-visibility,large-visibility\"><div class=\"fusion-column-wrapper fusion-column-has-shadow fusion-flex-justify-content-flex-start fusion-content-layout-column\"><div class=\"fusion-title title fusion-title-1 fusion-sep-none fusion-title-center fusion-title-text fusion-title-size-one\" style=\"--awb-text-color:#ffffff;\"><h1 class=\"fusion-title-heading title-heading-center\" style=\"margin:0;\">Gesti\u00f3n de patrimonio en Ibiza \u00bfC\u00f3mo gestionar tu papeleo diario?<\/h1><\/div><div class=\"fusion-text fusion-text-1\"><h4 style=\"text-align: center;\"><span style=\"color: #ffffff;\">Gesti\u00f3n de patrimonio en Ibiza<\/span><\/h4>\n<\/div><\/div><\/div><\/div><\/div><div class=\"fusion-fullwidth fullwidth-box fusion-builder-row-2 fusion-flex-container has-pattern-background has-mask-background nonhundred-percent-fullwidth non-hundred-percent-height-scrolling\" style=\"--awb-border-radius-top-left:0px;--awb-border-radius-top-right:0px;--awb-border-radius-bottom-right:0px;--awb-border-radius-bottom-left:0px;--awb-flex-wrap:wrap;\" ><div class=\"fusion-builder-row fusion-row fusion-flex-align-items-flex-start fusion-flex-content-wrap\" style=\"max-width:1248px;margin-left: calc(-4% \/ 2 );margin-right: calc(-4% \/ 2 );\"><div class=\"fusion-layout-column fusion_builder_column fusion-builder-column-1 fusion_builder_column_1_3 1_3 fusion-flex-column\" style=\"--awb-bg-size:cover;--awb-width-large:33.333333333333%;--awb-margin-top-large:0px;--awb-spacing-right-large:5.76%;--awb-margin-bottom-large:20px;--awb-spacing-left-large:5.76%;--awb-width-medium:100%;--awb-order-medium:0;--awb-spacing-right-medium:1.92%;--awb-spacing-left-medium:1.92%;--awb-width-small:100%;--awb-order-small:0;--awb-spacing-right-small:1.92%;--awb-spacing-left-small:1.92%;\"><div class=\"fusion-column-wrapper fusion-column-has-shadow fusion-flex-justify-content-flex-start fusion-content-layout-column\"><div class=\"fusion-separator fusion-full-width-sep\" style=\"align-self: center;margin-left: auto;margin-right: auto;margin-top:90px;margin-bottom:90px;width:100%;\"><\/div><div class=\"fusion-separator fusion-full-width-sep\" style=\"align-self: center;margin-left: auto;margin-right: auto;margin-top:90px;margin-bottom:90px;width:100%;\"><\/div><div class=\"fusion-testimonials clean awb-speech-bubble-show fusion-testimonials-1\" style=\"--awb-textcolor:#808080;--awb-backgroundcolor:#ffffff;--awb-testimonial-border-style:solid;--awb-testimonial-border-color:var(--awb-color3);--awb-navigation-size:12px;--awb-border-top-left-radius:0px;--awb-border-top-right-radius:0px;--awb-border-bottom-left-radius:0px;--awb-border-bottom-right-radius:0px;--testimonial-border-width-top:0px;--testimonial-border-width-right:0px;--testimonial-border-width-bottom:0px;--testimonial-border-width-left:0px;\" data-random=\"0\" data-speed=\"4000\"><div class=\"reviews\"><div class=\"review active-testimonial avatar-above no-avatar\"><blockquote class=\"testimonials-shortcode-blockquote\"><div class=\"awb-quote\"><div class=\"awb-quote-content\">\n<p>Con nuestro enfoque en la optimizaci\u00f3n del tiempo y la comunicaci\u00f3n eficaz, te liberamos de la carga de la burocracia para que pueda concentrarse en lo que realmente importa.<\/p>\n<p>Nuestro plan de gesti\u00f3n patrimonial est\u00e1 dise\u00f1ado para adaptarse a tus necesidades y proporcionarte la asistencia legal y financiera que necesitas para vivir una experiencia ibicenca sin complicaciones.<\/p>\n<\/div><\/div><\/blockquote><div class=\"author\"><span class=\"company-name\"><\/span><\/div><\/div><\/div><\/div><div class=\"fusion-separator fusion-full-width-sep\" style=\"align-self: center;margin-left: auto;margin-right: auto;margin-top:90px;margin-bottom:90px;width:100%;\"><\/div><div class=\"fusion-separator fusion-full-width-sep\" style=\"align-self: center;margin-left: auto;margin-right: auto;margin-top:90px;margin-bottom:90px;width:100%;\"><\/div><\/div><\/div><div class=\"fusion-layout-column fusion_builder_column fusion-builder-column-2 fusion_builder_column_2_3 2_3 fusion-flex-column\" style=\"--awb-bg-size:cover;--awb-width-large:66.666666666667%;--awb-margin-top-large:0px;--awb-spacing-right-large:2.88%;--awb-margin-bottom-large:20px;--awb-spacing-left-large:2.88%;--awb-width-medium:100%;--awb-order-medium:0;--awb-spacing-right-medium:1.92%;--awb-spacing-left-medium:1.92%;--awb-width-small:100%;--awb-order-small:0;--awb-spacing-right-small:1.92%;--awb-spacing-left-small:1.92%;\"><div class=\"fusion-column-wrapper fusion-column-has-shadow fusion-flex-justify-content-flex-start fusion-content-layout-column\"><div class=\"fusion-separator fusion-full-width-sep\" style=\"align-self: center;margin-left: auto;margin-right: auto;margin-top:5%;width:100%;\"><\/div><div class=\"fusion-text fusion-text-2\" style=\"--awb-margin-top:5%;\"><p><strong>Tabla de Contenidos<\/strong><\/p>\n<\/div><div class=\"awb-toc-el awb-toc-el--1\" data-awb-toc-id=\"1\" data-awb-toc-options=\"{&quot;allowed_heading_tags&quot;:{&quot;h2&quot;:0,&quot;h3&quot;:1},&quot;ignore_headings&quot;:&quot;&quot;,&quot;ignore_headings_words&quot;:&quot;&quot;,&quot;enable_cache&quot;:&quot;yes&quot;,&quot;highlight_current_heading&quot;:&quot;no&quot;,&quot;hide_hidden_titles&quot;:&quot;yes&quot;,&quot;limit_container&quot;:&quot;all&quot;,&quot;select_custom_headings&quot;:&quot;&quot;,&quot;icon&quot;:&quot;fa-flag fas&quot;,&quot;counter_type&quot;:&quot;none&quot;}\" style=\"--awb-margin-bottom:90px;\"><div class=\"awb-toc-el__content\"><ul class=\"awb-toc-el__list awb-toc-el__list--0\"><li class=\"awb-toc-el__list-item\"><\/li><li class=\"awb-toc-el__list-item\"><a class=\"awb-toc-el__item-anchor\" href=\"#toc_Gestion_de_patrimonio_en_Ibiza_Como_gestionar_tu\"><span>Gesti\u00f3n de patrimonio en Ibiza \u00bfC\u00f3mo gestionar tu papeleo diario?<\/span><\/a><\/li><li class=\"awb-toc-el__list-item\"><a class=\"awb-toc-el__item-anchor\" href=\"#toc_Facilitarte_la_vida_en_Ibiza\">Facilitarte la vida en Ibiza<\/a><\/li><li class=\"awb-toc-el__list-item\"><a class=\"awb-toc-el__item-anchor\" href=\"#toc_Cumplimentacion_de_formularios_administrativos_y_altas_municipales\">Cumplimentaci\u00f3n de formularios administrativos y altas municipales<\/a><\/li><li class=\"awb-toc-el__list-item\"><a class=\"awb-toc-el__item-anchor\" href=\"#toc_Gestion_de_las_reclamaciones_de_seguros\">Gesti\u00f3n de las reclamaciones de seguros<\/a><\/li><li class=\"awb-toc-el__list-item\"><a class=\"awb-toc-el__item-anchor\" href=\"#toc_Manten_tu_negocio_al_dia\">Mant\u00e9n tu negocio al d\u00eda<\/a><\/li><li class=\"awb-toc-el__list-item\"><a class=\"awb-toc-el__item-anchor\" href=\"#toc_No_pierdas_el_tiempo\">No pierdas el tiempo<\/a><\/li><li class=\"awb-toc-el__list-item\"><a class=\"awb-toc-el__item-anchor\" href=\"#toc_Por_que_elegir_nuestro_plan_de_Gestion_de\">\u00bfPor qu\u00e9 elegir nuestro plan de Gesti\u00f3n de patrimonio en Ibiza ?<\/a><ul class=\"awb-toc-el__list awb-toc-el__list--1\"><li class=\"awb-toc-el__list-item\"><a class=\"awb-toc-el__item-anchor\" href=\"#toc_Recent_Posts\">Recent Posts<\/a><\/li><\/ul><\/li><\/ul><\/div><\/div><div class=\"fusion-title title fusion-title-2 fusion-sep-none fusion-title-text fusion-title-size-two\"><h2 class=\"fusion-title-heading title-heading-left\" style=\"margin:0;\"><h2><span style=\"font-weight: 400;\">Gesti\u00f3n de patrimonio en Ibiza \u00bfC\u00f3mo gestionar tu papeleo diario?<\/span><\/h2><\/h2><\/div><div class=\"fusion-separator fusion-full-width-sep\" style=\"align-self: center;margin-left: auto;margin-right: auto;width:100%;\"><\/div><div class=\"fusion-text fusion-text-3\"><p>Nuestro plan Gesti\u00f3n de patrimonio en Ibiza es una soluci\u00f3n integral para quienes buscan tranquilidad y eficacia en su vida diaria<\/p>\n<p>\u00bfSue\u00f1as con mudarte a Ibiza y disfrutar de un estilo de vida \u00fanico?\u00a0 Olv\u00eddate del papeleo y las complicaciones: nuestro equipo de abogados te proporcionar\u00e1 un apoyo legal completo.<\/p>\n<h2>Facilitarte la vida en Ibiza<\/h2>\n<p>Agilizar las obligaciones contractuales con proveedores y servicios p\u00fablicos.<\/p>\n<p>Desde la contrataci\u00f3n de servicios esenciales hasta la gesti\u00f3n de contratos, nos encargamos de todo para que puedas disfrutar de tu vida en Ibiza sin preocupaciones.<\/p>\n<h2>Cumplimentaci\u00f3n de formularios administrativos y altas municipales<\/h2>\n<p>Deja atr\u00e1s el tedioso papeleo, nuestro equipo de abogados le guiar\u00e1 en cada paso para que puedas concentrarte en lo que realmente importa.<\/p>\n<p>Agiliza y gestiona tus relaciones con los organismos e instituciones p\u00fablicas que necesites.<\/p>\n<h2>Gesti\u00f3n de las reclamaciones de seguros<\/h2>\n<p>Gesti\u00f3n profesional y r\u00e1pida de los siniestros de seguros. En tiempos dif\u00edciles, queremos que tengas la tranquilidad de saber que est\u00e1s protegido.<\/p>\n<p>Nuestro equipo tramita eficazmente sus siniestros para que no tenga preocupaciones adicionales en nuestra Gesti\u00f3n de patrimonios para expatriados.<\/p>\n<h2>Mant\u00e9n tu negocio al d\u00eda<\/h2>\n<p>Mantenemos al d\u00eda la gesti\u00f3n de tu negocio, desde la contrataci\u00f3n hasta la gesti\u00f3n fiscal, para que funcione de forma eficiente y cumpliendo con la normativa local.<\/p>\n<p>Tramitaci\u00f3n experta de los contratos de trabajo, para garantizar la estabilidad laboral de tus empleados, nuestro equipo se encarga de todo de acuerdo con la legislaci\u00f3n local.<\/p>\n<p>Tramitaci\u00f3n \u00e1gil de la Seguridad Social y el IVA, nos encargamos de todos los aspectos fiscales para que puedas cumplir con todas tus obligaciones sin retrasos ni complicaciones.<\/p>\n<p><img decoding=\"async\" class=\"lazyload aligncenter size-large wp-image-3611\" src=\"https:\/\/almarlawyers.com\/wp-content\/uploads\/2024\/05\/ibiza-1307353_1920-1024x680.jpg\" data-orig-src=\"https:\/\/almarlawyers.com\/wp-content\/uploads\/2024\/05\/ibiza-1307353_1920-1024x680.jpg\" alt=\"Gesti\u00f3n de patrimonio en Ibiza\" width=\"1024\" height=\"680\" srcset=\"data:image\/svg+xml,%3Csvg%20xmlns%3D%27http%3A%2F%2Fwww.w3.org%2F2000%2Fsvg%27%20width%3D%271024%27%20height%3D%27680%27%20viewBox%3D%270%200%201024%20680%27%3E%3Crect%20width%3D%271024%27%20height%3D%27680%27%20fill-opacity%3D%220%22%2F%3E%3C%2Fsvg%3E\" data-srcset=\"https:\/\/almarlawyers.com\/wp-content\/uploads\/2024\/05\/ibiza-1307353_1920-200x133.jpg 200w, https:\/\/almarlawyers.com\/wp-content\/uploads\/2024\/05\/ibiza-1307353_1920-300x199.jpg 300w, https:\/\/almarlawyers.com\/wp-content\/uploads\/2024\/05\/ibiza-1307353_1920-400x266.jpg 400w, https:\/\/almarlawyers.com\/wp-content\/uploads\/2024\/05\/ibiza-1307353_1920-600x398.jpg 600w, https:\/\/almarlawyers.com\/wp-content\/uploads\/2024\/05\/ibiza-1307353_1920-768x510.jpg 768w, https:\/\/almarlawyers.com\/wp-content\/uploads\/2024\/05\/ibiza-1307353_1920-800x531.jpg 800w, https:\/\/almarlawyers.com\/wp-content\/uploads\/2024\/05\/ibiza-1307353_1920-1024x680.jpg 1024w, https:\/\/almarlawyers.com\/wp-content\/uploads\/2024\/05\/ibiza-1307353_1920-1200x797.jpg 1200w, https:\/\/almarlawyers.com\/wp-content\/uploads\/2024\/05\/ibiza-1307353_1920-1536x1020.jpg 1536w, https:\/\/almarlawyers.com\/wp-content\/uploads\/2024\/05\/ibiza-1307353_1920.jpg 1920w\" data-sizes=\"auto\" data-orig-sizes=\"(max-width: 1024px) 100vw, 1024px\" \/><\/p>\n<h2>No pierdas el tiempo<\/h2>\n<p>Facilitamos la comunicaci\u00f3n con otros profesionales, y nos coordinamos con ellos en tu nombre.<\/p>\n<p>Te ahorramos tiempo y esfuerzo en la coordinaci\u00f3n, para que puedas centrarte en lo que realmente importa.<\/p>\n<p>Adem\u00e1s, gracias a nuestra experiencia y conocimiento local podemos recomendarte los mejores profesionales en funci\u00f3n de tus necesidades.<\/p>\n<h2>\u00bfPor qu\u00e9 elegir nuestro plan de Gesti\u00f3n de patrimonio en Ibiza ?<\/h2>\n<p>Nuestro plan mensual es una soluci\u00f3n integral dise\u00f1ada para darte tranquilidad y eficacia en tu papeleo diario.<\/p>\n<p>Deja atr\u00e1s tus preocupaciones y disfruta de todo lo que Ibiza puede ofrecerte con la ayuda de nuestro equipo de expertos.<\/p>\n<p>Tu tranquilidad es nuestra prioridad. Deja que nuestro plan de Gesti\u00f3n de patrimonio en Ibiza se encargue de los tr\u00e1mites para que puedas disfrutar al m\u00e1ximo.<\/p>\n<p><a href=\"https:\/\/almarlawyers.com\/es\/contacto\"><span style=\"font-weight: 400;\">Contacta con nosotros<\/span><\/a><span style=\"font-weight: 400;\"> y te informaremos de todo lo que necesites.<\/span><\/p>\n<p><span style=\"font-weight: 400;\">S\u00edguenos en <\/span><a href=\"https:\/\/www.linkedin.com\/company\/83121208\/\"><span style=\"font-weight: 400;\">Linkedin<\/span><\/a><span style=\"font-weight: 400;\"> para no perderte nada.<\/span><\/p>\n<\/div><\/div><\/div><\/div><\/div><div class=\"fusion-fullwidth fullwidth-box fusion-builder-row-3 fusion-flex-container has-pattern-background has-mask-background nonhundred-percent-fullwidth non-hundred-percent-height-scrolling\" style=\"--awb-border-radius-top-left:0px;--awb-border-radius-top-right:0px;--awb-border-radius-bottom-right:0px;--awb-border-radius-bottom-left:0px;--awb-flex-wrap:wrap;\" ><div class=\"fusion-builder-row fusion-row fusion-flex-align-items-flex-start fusion-flex-content-wrap\" style=\"max-width:1248px;margin-left: calc(-4% \/ 2 );margin-right: calc(-4% \/ 2 );\"><div class=\"fusion-layout-column fusion_builder_column fusion-builder-column-3 fusion_builder_column_1_1 1_1 fusion-flex-column\" style=\"--awb-bg-size:cover;--awb-width-large:100%;--awb-margin-top-large:0px;--awb-spacing-right-large:1.92%;--awb-margin-bottom-large:20px;--awb-spacing-left-large:1.92%;--awb-width-medium:100%;--awb-order-medium:0;--awb-spacing-right-medium:1.92%;--awb-spacing-left-medium:1.92%;--awb-width-small:100%;--awb-order-small:0;--awb-spacing-right-small:1.92%;--awb-spacing-left-small:1.92%;\"><div class=\"fusion-column-wrapper fusion-column-has-shadow fusion-flex-justify-content-flex-start fusion-content-layout-column\"><div class=\"fusion-title title fusion-title-3 fusion-sep-none fusion-title-text fusion-title-size-three\" style=\"--awb-text-color:#054c50;\"><h3 class=\"fusion-title-heading title-heading-left\" style=\"margin:0;\">Recent Posts<\/h3><\/div><div class=\"fusion-recent-posts fusion-recent-posts-1 avada-container layout-default layout-columns-3 fusion-recent-posts-center\"><section class=\"fusion-columns columns fusion-columns-3 columns-3\"><article class=\"post fusion-column column col col-lg-4 col-md-4 col-sm-4\"><div class=\"fusion-flexslider fusion-flexslider-loading flexslider flexslider-hover-type-none\"><ul class=\"slides\"><li><a href=\"https:\/\/almarlawyers.com\/es\/sector-nautico-de-baleares\/\" aria-label=\"Sector Na\u0301utico de Baleares: Claves y Riesgos del Proyecto de Modificacio\u0301n del Decreto 21\/2017\" class=\"hover-type-none\"><img decoding=\"async\" width=\"700\" height=\"441\" src=\"https:\/\/almarlawyers.com\/wp-content\/uploads\/2025\/03\/Diseno-sin-titulo-700x441.png\" class=\"attachment-recent-posts size-recent-posts lazyload\" alt=\"Sector Na\u0301utico de Baleares\" srcset=\"data:image\/svg+xml,%3Csvg%20xmlns%3D%27http%3A%2F%2Fwww.w3.org%2F2000%2Fsvg%27%20width%3D%272000%27%20height%3D%271238%27%20viewBox%3D%270%200%202000%201238%27%3E%3Crect%20width%3D%272000%27%20height%3D%271238%27%20fill-opacity%3D%220%22%2F%3E%3C%2Fsvg%3E\" data-orig-src=\"https:\/\/almarlawyers.com\/wp-content\/uploads\/2025\/03\/Diseno-sin-titulo-700x441.png\" data-srcset=\"https:\/\/almarlawyers.com\/wp-content\/uploads\/2025\/03\/Diseno-sin-titulo-320x202.png 320w, https:\/\/almarlawyers.com\/wp-content\/uploads\/2025\/03\/Diseno-sin-titulo-700x441.png 700w\" data-sizes=\"auto\" \/><\/a><\/li><\/ul><\/div><div class=\"recent-posts-content\"><span class=\"vcard\" style=\"display: none;\"><span class=\"fn\"><a href=\"https:\/\/almarlawyers.com\/es\/author\/a_alm_2020bes\/\" title=\"Entradas de A_alm_2020Bes\" rel=\"author\">A_alm_2020Bes<\/a><\/span><\/span><span class=\"updated\" style=\"display:none;\">2025-03-10T09:10:59+00:00<\/span><h4 class=\"entry-title\"><a href=\"https:\/\/almarlawyers.com\/es\/sector-nautico-de-baleares\/\">Sector Na\u0301utico de Baleares: Claves y Riesgos del Proyecto de Modificacio\u0301n del Decreto 21\/2017<\/a><\/h4><p class=\"meta\"><span class=\"vcard\" style=\"display: none;\"><span class=\"fn\"><a href=\"https:\/\/almarlawyers.com\/es\/author\/a_alm_2020bes\/\" title=\"Entradas de A_alm_2020Bes\" rel=\"author\">A_alm_2020Bes<\/a><\/span><\/span><span class=\"updated\" style=\"display:none;\">2025-03-10T09:10:59+00:00<\/span><span>marzo 10th, 2025<\/span><span class=\"fusion-inline-sep\">|<\/span><span class=\"fusion-comments\"><a href=\"https:\/\/almarlawyers.com\/es\/sector-nautico-de-baleares\/#respond\">0 Comments<\/a><\/span><\/p><\/div><\/article><article class=\"post fusion-column column col col-lg-4 col-md-4 col-sm-4\"><div class=\"fusion-flexslider fusion-flexslider-loading flexslider flexslider-hover-type-none\"><ul class=\"slides\"><li><a href=\"https:\/\/almarlawyers.com\/es\/la-operacion-de-salvamento-en-espana\/\" aria-label=\"La operaci\u00f3n de salvamento en Espa\u00f1a\" class=\"hover-type-none\"><img decoding=\"async\" width=\"700\" height=\"441\" src=\"https:\/\/almarlawyers.com\/wp-content\/uploads\/2025\/02\/Imagen-de-WhatsApp-2024-08-18-a-las-13.08.47_a841a503-700x441.jpg\" class=\"attachment-recent-posts size-recent-posts lazyload\" alt=\"La operaci\u00f3n de salvamento en Espa\u00f1a\" srcset=\"data:image\/svg+xml,%3Csvg%20xmlns%3D%27http%3A%2F%2Fwww.w3.org%2F2000%2Fsvg%27%20width%3D%271600%27%20height%3D%271200%27%20viewBox%3D%270%200%201600%201200%27%3E%3Crect%20width%3D%271600%27%20height%3D%271200%27%20fill-opacity%3D%220%22%2F%3E%3C%2Fsvg%3E\" data-orig-src=\"https:\/\/almarlawyers.com\/wp-content\/uploads\/2025\/02\/Imagen-de-WhatsApp-2024-08-18-a-las-13.08.47_a841a503-700x441.jpg\" data-srcset=\"https:\/\/almarlawyers.com\/wp-content\/uploads\/2025\/02\/Imagen-de-WhatsApp-2024-08-18-a-las-13.08.47_a841a503-320x202.jpg 320w, https:\/\/almarlawyers.com\/wp-content\/uploads\/2025\/02\/Imagen-de-WhatsApp-2024-08-18-a-las-13.08.47_a841a503-700x441.jpg 700w\" data-sizes=\"auto\" \/><\/a><\/li><\/ul><\/div><div class=\"recent-posts-content\"><span class=\"vcard\" style=\"display: none;\"><span class=\"fn\"><a href=\"https:\/\/almarlawyers.com\/es\/author\/a_alm_2020bes\/\" title=\"Entradas de A_alm_2020Bes\" rel=\"author\">A_alm_2020Bes<\/a><\/span><\/span><span class=\"updated\" style=\"display:none;\">2025-02-10T06:15:41+00:00<\/span><h4 class=\"entry-title\"><a href=\"https:\/\/almarlawyers.com\/es\/la-operacion-de-salvamento-en-espana\/\">La operaci\u00f3n de salvamento en Espa\u00f1a<\/a><\/h4><p class=\"meta\"><span class=\"vcard\" style=\"display: none;\"><span class=\"fn\"><a href=\"https:\/\/almarlawyers.com\/es\/author\/a_alm_2020bes\/\" title=\"Entradas de A_alm_2020Bes\" rel=\"author\">A_alm_2020Bes<\/a><\/span><\/span><span class=\"updated\" style=\"display:none;\">2025-02-10T06:15:41+00:00<\/span><span>febrero 10th, 2025<\/span><span class=\"fusion-inline-sep\">|<\/span><span class=\"fusion-comments\"><a href=\"https:\/\/almarlawyers.com\/es\/la-operacion-de-salvamento-en-espana\/#respond\">0 Comments<\/a><\/span><\/p><\/div><\/article><article class=\"post fusion-column column col col-lg-4 col-md-4 col-sm-4\"><div class=\"fusion-flexslider fusion-flexslider-loading flexslider flexslider-hover-type-none\"><ul class=\"slides\"><li><a href=\"https:\/\/almarlawyers.com\/es\/abogados-en-ibiza-y-formentera-cual-necesitas-segun-tu-caso\/\" aria-label=\"Abogados en Ibiza y Formentera \u00bfCu\u00e1l necesitas seg\u00fan tu caso?\u00a0\" class=\"hover-type-none\"><img decoding=\"async\" width=\"700\" height=\"441\" src=\"https:\/\/almarlawyers.com\/wp-content\/uploads\/2024\/06\/WhatsApp-Image-2023-04-04-at-23.08.18-2-700x441.jpeg\" class=\"attachment-recent-posts size-recent-posts lazyload\" alt=\"Abogados en Ibiza y Formentera\" srcset=\"data:image\/svg+xml,%3Csvg%20xmlns%3D%27http%3A%2F%2Fwww.w3.org%2F2000%2Fsvg%27%20width%3D%27988%27%20height%3D%27608%27%20viewBox%3D%270%200%20988%20608%27%3E%3Crect%20width%3D%27988%27%20height%3D%27608%27%20fill-opacity%3D%220%22%2F%3E%3C%2Fsvg%3E\" data-orig-src=\"https:\/\/almarlawyers.com\/wp-content\/uploads\/2024\/06\/WhatsApp-Image-2023-04-04-at-23.08.18-2-700x441.jpeg\" data-srcset=\"https:\/\/almarlawyers.com\/wp-content\/uploads\/2024\/06\/WhatsApp-Image-2023-04-04-at-23.08.18-2-320x202.jpeg 320w, https:\/\/almarlawyers.com\/wp-content\/uploads\/2024\/06\/WhatsApp-Image-2023-04-04-at-23.08.18-2-700x441.jpeg 700w\" data-sizes=\"auto\" \/><\/a><\/li><\/ul><\/div><div class=\"recent-posts-content\"><span class=\"vcard\" style=\"display: none;\"><span class=\"fn\"><a href=\"https:\/\/almarlawyers.com\/es\/author\/a_alm_2020bes\/\" title=\"Entradas de A_alm_2020Bes\" rel=\"author\">A_alm_2020Bes<\/a><\/span><\/span><span class=\"updated\" style=\"display:none;\">2024-06-10T08:16:51+00:00<\/span><h4 class=\"entry-title\"><a href=\"https:\/\/almarlawyers.com\/es\/abogados-en-ibiza-y-formentera-cual-necesitas-segun-tu-caso\/\">Abogados en Ibiza y Formentera \u00bfCu\u00e1l necesitas seg\u00fan tu caso?\u00a0<\/a><\/h4><p class=\"meta\"><span class=\"vcard\" style=\"display: none;\"><span class=\"fn\"><a href=\"https:\/\/almarlawyers.com\/es\/author\/a_alm_2020bes\/\" title=\"Entradas de A_alm_2020Bes\" rel=\"author\">A_alm_2020Bes<\/a><\/span><\/span><span class=\"updated\" style=\"display:none;\">2024-06-10T08:16:51+00:00<\/span><span>junio 10th, 2024<\/span><span class=\"fusion-inline-sep\">|<\/span><span class=\"fusion-comments\"><a href=\"https:\/\/almarlawyers.com\/es\/abogados-en-ibiza-y-formentera-cual-necesitas-segun-tu-caso\/#respond\">0 Comments<\/a><\/span><\/p><\/div><\/article><\/section><\/div><\/div><\/div><\/div><\/div><\/p>\n","protected":false},"excerpt":{"rendered":"","protected":false},"author":1,"featured_media":3615,"comment_status":"open","ping_status":"open","sticky":false,"template":"","format":"standard","meta":{"footnotes":""},"categories":[100],"tags":[158,149,159,199,162,178,145],"class_list":["post-3610","post","type-post","status-publish","format-standard","has-post-thumbnail","hentry","category-gestion-de-patrimonios","tag-abogado-en-ibiza","tag-abogados-ibiza","tag-bufete-de-abogados-ibiza","tag-gestion-de-patrimonio-en-ibiza","tag-lawyer-ibiza-es","tag-servicios-legales-en-ibiza","tag-vivir-en-ibiza"],"yoast_head":"<!-- This site is optimized with the Yoast SEO plugin v26.1.1 - https:\/\/yoast.com\/wordpress\/plugins\/seo\/ -->\n<title>Gesti\u00f3n de patrimonio en Ibiza \u00bfC\u00f3mo gestionar tu papeleo diario? - Almar Lawyers<\/title>\n<meta name=\"description\" content=\"Nuestro plan Gesti\u00f3n de patrimonio en Ibiza es una soluci\u00f3n integral para quienes buscan tranquilidad y eficacia en su vida diaria\" \/>\n<meta name=\"robots\" content=\"index, follow, max-snippet:-1, max-image-preview:large, max-video-preview:-1\" \/>\n<link rel=\"canonical\" href=\"https:\/\/almarlawyers.com\/es\/gestion-de-patrimonio-en-ibiza\/\" \/>\n<meta property=\"og:locale\" content=\"es_ES\" \/>\n<meta property=\"og:type\" content=\"article\" \/>\n<meta property=\"og:title\" content=\"Gesti\u00f3n de patrimonio en Ibiza \u00bfC\u00f3mo gestionar tu papeleo diario? - Almar Lawyers\" \/>\n<meta property=\"og:description\" content=\"Nuestro plan Gesti\u00f3n de patrimonio en Ibiza es una soluci\u00f3n integral para quienes buscan tranquilidad y eficacia en su vida diaria\" \/>\n<meta property=\"og:url\" content=\"https:\/\/almarlawyers.com\/es\/gestion-de-patrimonio-en-ibiza\/\" \/>\n<meta property=\"og:site_name\" content=\"Almar Lawyers\" \/>\n<meta property=\"article:published_time\" content=\"2024-05-19T17:50:35+00:00\" \/>\n<meta property=\"og:image\" content=\"https:\/\/almarlawyers.com\/wp-content\/uploads\/2024\/05\/WhatsApp-Image-2024-04-22-at-22.45.14.jpeg\" \/>\n\t<meta property=\"og:image:width\" content=\"1600\" \/>\n\t<meta property=\"og:image:height\" content=\"1200\" \/>\n\t<meta property=\"og:image:type\" content=\"image\/jpeg\" \/>\n<meta name=\"author\" content=\"A_alm_2020Bes\" \/>\n<meta name=\"twitter:card\" content=\"summary_large_image\" \/>\n<meta name=\"twitter:label1\" content=\"Escrito por\" \/>\n\t<meta name=\"twitter:data1\" content=\"A_alm_2020Bes\" \/>\n\t<meta name=\"twitter:label2\" content=\"Tiempo de lectura\" \/>\n\t<meta name=\"twitter:data2\" content=\"4 minutos\" \/>\n<script type=\"application\/ld+json\" class=\"yoast-schema-graph\">{\"@context\":\"https:\/\/schema.org\",\"@graph\":[{\"@type\":\"Article\",\"@id\":\"https:\/\/almarlawyers.com\/es\/gestion-de-patrimonio-en-ibiza\/#article\",\"isPartOf\":{\"@id\":\"https:\/\/almarlawyers.com\/es\/gestion-de-patrimonio-en-ibiza\/\"},\"author\":{\"name\":\"A_alm_2020Bes\",\"@id\":\"https:\/\/almarlawyers.com\/ca\/#\/schema\/person\/e402c92e04937776c1a77deec8312d81\"},\"headline\":\"Gesti\u00f3n de patrimonio en Ibiza \u00bfC\u00f3mo gestionar tu papeleo diario?\",\"datePublished\":\"2024-05-19T17:50:35+00:00\",\"mainEntityOfPage\":{\"@id\":\"https:\/\/almarlawyers.com\/es\/gestion-de-patrimonio-en-ibiza\/\"},\"wordCount\":5436,\"commentCount\":0,\"publisher\":{\"@id\":\"https:\/\/almarlawyers.com\/ca\/#organization\"},\"image\":{\"@id\":\"https:\/\/almarlawyers.com\/es\/gestion-de-patrimonio-en-ibiza\/#primaryimage\"},\"thumbnailUrl\":\"https:\/\/almarlawyers.com\/wp-content\/uploads\/2024\/05\/WhatsApp-Image-2024-04-22-at-22.45.14.jpeg\",\"keywords\":[\"abogado en Ibiza\",\"abogados ibiza\",\"Bufete de abogados ibiza\",\"Gesti\u00f3n de patrimonio en Ibiza\",\"lawyer ibiza\",\"servicios legales en Ibiza\",\"vivir en ibiza\"],\"articleSection\":[\"Gesti\u00f3n de patrimonios\"],\"inLanguage\":\"es\",\"potentialAction\":[{\"@type\":\"CommentAction\",\"name\":\"Comment\",\"target\":[\"https:\/\/almarlawyers.com\/es\/gestion-de-patrimonio-en-ibiza\/#respond\"]}]},{\"@type\":\"WebPage\",\"@id\":\"https:\/\/almarlawyers.com\/es\/gestion-de-patrimonio-en-ibiza\/\",\"url\":\"https:\/\/almarlawyers.com\/es\/gestion-de-patrimonio-en-ibiza\/\",\"name\":\"Gesti\u00f3n de patrimonio en Ibiza \u00bfC\u00f3mo gestionar tu papeleo diario? - Almar Lawyers\",\"isPartOf\":{\"@id\":\"https:\/\/almarlawyers.com\/ca\/#website\"},\"primaryImageOfPage\":{\"@id\":\"https:\/\/almarlawyers.com\/es\/gestion-de-patrimonio-en-ibiza\/#primaryimage\"},\"image\":{\"@id\":\"https:\/\/almarlawyers.com\/es\/gestion-de-patrimonio-en-ibiza\/#primaryimage\"},\"thumbnailUrl\":\"https:\/\/almarlawyers.com\/wp-content\/uploads\/2024\/05\/WhatsApp-Image-2024-04-22-at-22.45.14.jpeg\",\"datePublished\":\"2024-05-19T17:50:35+00:00\",\"description\":\"Nuestro plan Gesti\u00f3n de patrimonio en Ibiza es una soluci\u00f3n integral para quienes buscan tranquilidad y eficacia en su vida diaria\",\"breadcrumb\":{\"@id\":\"https:\/\/almarlawyers.com\/es\/gestion-de-patrimonio-en-ibiza\/#breadcrumb\"},\"inLanguage\":\"es\",\"potentialAction\":[{\"@type\":\"ReadAction\",\"target\":[\"https:\/\/almarlawyers.com\/es\/gestion-de-patrimonio-en-ibiza\/\"]}]},{\"@type\":\"ImageObject\",\"inLanguage\":\"es\",\"@id\":\"https:\/\/almarlawyers.com\/es\/gestion-de-patrimonio-en-ibiza\/#primaryimage\",\"url\":\"https:\/\/almarlawyers.com\/wp-content\/uploads\/2024\/05\/WhatsApp-Image-2024-04-22-at-22.45.14.jpeg\",\"contentUrl\":\"https:\/\/almarlawyers.com\/wp-content\/uploads\/2024\/05\/WhatsApp-Image-2024-04-22-at-22.45.14.jpeg\",\"width\":1600,\"height\":1200,\"caption\":\"Gesti\u00f3n de patrimonio en Ibiza\"},{\"@type\":\"BreadcrumbList\",\"@id\":\"https:\/\/almarlawyers.com\/es\/gestion-de-patrimonio-en-ibiza\/#breadcrumb\",\"itemListElement\":[{\"@type\":\"ListItem\",\"position\":1,\"name\":\"Home\",\"item\":\"https:\/\/almarlawyers.com\/es\/\"},{\"@type\":\"ListItem\",\"position\":2,\"name\":\"Gesti\u00f3n de patrimonio en Ibiza \u00bfC\u00f3mo gestionar tu papeleo diario?\"}]},{\"@type\":\"WebSite\",\"@id\":\"https:\/\/almarlawyers.com\/ca\/#website\",\"url\":\"https:\/\/almarlawyers.com\/ca\/\",\"name\":\"Almar Lawyers\",\"description\":\"Your Lawyers in Ibiza\",\"publisher\":{\"@id\":\"https:\/\/almarlawyers.com\/ca\/#organization\"},\"potentialAction\":[{\"@type\":\"SearchAction\",\"target\":{\"@type\":\"EntryPoint\",\"urlTemplate\":\"https:\/\/almarlawyers.com\/ca\/?s={search_term_string}\"},\"query-input\":{\"@type\":\"PropertyValueSpecification\",\"valueRequired\":true,\"valueName\":\"search_term_string\"}}],\"inLanguage\":\"es\"},{\"@type\":\"Organization\",\"@id\":\"https:\/\/almarlawyers.com\/ca\/#organization\",\"name\":\"Almar Lawyers\",\"url\":\"https:\/\/almarlawyers.com\/ca\/\",\"logo\":{\"@type\":\"ImageObject\",\"inLanguage\":\"es\",\"@id\":\"https:\/\/almarlawyers.com\/ca\/#\/schema\/logo\/image\/\",\"url\":\"https:\/\/almarlawyers.com\/wp-content\/uploads\/2020\/07\/ALMAR-logo-Circle.png\",\"contentUrl\":\"https:\/\/almarlawyers.com\/wp-content\/uploads\/2020\/07\/ALMAR-logo-Circle.png\",\"width\":73,\"height\":70,\"caption\":\"Almar Lawyers\"},\"image\":{\"@id\":\"https:\/\/almarlawyers.com\/ca\/#\/schema\/logo\/image\/\"},\"sameAs\":[\"https:\/\/www.instagram.com\/almarlawyers\/\",\"https:\/\/www.linkedin.com\/company\/almarlawyers\/\"]},{\"@type\":\"Person\",\"@id\":\"https:\/\/almarlawyers.com\/ca\/#\/schema\/person\/e402c92e04937776c1a77deec8312d81\",\"name\":\"A_alm_2020Bes\",\"image\":{\"@type\":\"ImageObject\",\"inLanguage\":\"es\",\"@id\":\"https:\/\/almarlawyers.com\/ca\/#\/schema\/person\/image\/\",\"url\":\"https:\/\/secure.gravatar.com\/avatar\/75a54c7b77d83f0d534de24c880477818ee243775b1081c8e20cdf5b41741c45?s=96&d=mm&r=g\",\"contentUrl\":\"https:\/\/secure.gravatar.com\/avatar\/75a54c7b77d83f0d534de24c880477818ee243775b1081c8e20cdf5b41741c45?s=96&d=mm&r=g\",\"caption\":\"A_alm_2020Bes\"},\"sameAs\":[\"https:\/\/almarlawyers.com\"],\"url\":\"https:\/\/almarlawyers.com\/es\/author\/a_alm_2020bes\/\"}]}<\/script>\n<!-- \/ Yoast SEO plugin. -->","yoast_head_json":{"title":"Gesti\u00f3n de patrimonio en Ibiza \u00bfC\u00f3mo gestionar tu papeleo diario? - Almar Lawyers","description":"Nuestro plan Gesti\u00f3n de patrimonio en Ibiza es una soluci\u00f3n integral para quienes buscan tranquilidad y eficacia en su vida diaria","robots":{"index":"index","follow":"follow","max-snippet":"max-snippet:-1","max-image-preview":"max-image-preview:large","max-video-preview":"max-video-preview:-1"},"canonical":"https:\/\/almarlawyers.com\/es\/gestion-de-patrimonio-en-ibiza\/","og_locale":"es_ES","og_type":"article","og_title":"Gesti\u00f3n de patrimonio en Ibiza \u00bfC\u00f3mo gestionar tu papeleo diario? - Almar Lawyers","og_description":"Nuestro plan Gesti\u00f3n de patrimonio en Ibiza es una soluci\u00f3n integral para quienes buscan tranquilidad y eficacia en su vida diaria","og_url":"https:\/\/almarlawyers.com\/es\/gestion-de-patrimonio-en-ibiza\/","og_site_name":"Almar Lawyers","article_published_time":"2024-05-19T17:50:35+00:00","og_image":[{"width":1600,"height":1200,"url":"https:\/\/almarlawyers.com\/wp-content\/uploads\/2024\/05\/WhatsApp-Image-2024-04-22-at-22.45.14.jpeg","type":"image\/jpeg"}],"author":"A_alm_2020Bes","twitter_card":"summary_large_image","twitter_misc":{"Escrito por":"A_alm_2020Bes","Tiempo de lectura":"4 minutos"},"schema":{"@context":"https:\/\/schema.org","@graph":[{"@type":"Article","@id":"https:\/\/almarlawyers.com\/es\/gestion-de-patrimonio-en-ibiza\/#article","isPartOf":{"@id":"https:\/\/almarlawyers.com\/es\/gestion-de-patrimonio-en-ibiza\/"},"author":{"name":"A_alm_2020Bes","@id":"https:\/\/almarlawyers.com\/ca\/#\/schema\/person\/e402c92e04937776c1a77deec8312d81"},"headline":"Gesti\u00f3n de patrimonio en Ibiza \u00bfC\u00f3mo gestionar tu papeleo diario?","datePublished":"2024-05-19T17:50:35+00:00","mainEntityOfPage":{"@id":"https:\/\/almarlawyers.com\/es\/gestion-de-patrimonio-en-ibiza\/"},"wordCount":5436,"commentCount":0,"publisher":{"@id":"https:\/\/almarlawyers.com\/ca\/#organization"},"image":{"@id":"https:\/\/almarlawyers.com\/es\/gestion-de-patrimonio-en-ibiza\/#primaryimage"},"thumbnailUrl":"https:\/\/almarlawyers.com\/wp-content\/uploads\/2024\/05\/WhatsApp-Image-2024-04-22-at-22.45.14.jpeg","keywords":["abogado en Ibiza","abogados ibiza","Bufete de abogados ibiza","Gesti\u00f3n de patrimonio en Ibiza","lawyer ibiza","servicios legales en Ibiza","vivir en ibiza"],"articleSection":["Gesti\u00f3n de patrimonios"],"inLanguage":"es","potentialAction":[{"@type":"CommentAction","name":"Comment","target":["https:\/\/almarlawyers.com\/es\/gestion-de-patrimonio-en-ibiza\/#respond"]}]},{"@type":"WebPage","@id":"https:\/\/almarlawyers.com\/es\/gestion-de-patrimonio-en-ibiza\/","url":"https:\/\/almarlawyers.com\/es\/gestion-de-patrimonio-en-ibiza\/","name":"Gesti\u00f3n de patrimonio en Ibiza \u00bfC\u00f3mo gestionar tu papeleo diario? - Almar Lawyers","isPartOf":{"@id":"https:\/\/almarlawyers.com\/ca\/#website"},"primaryImageOfPage":{"@id":"https:\/\/almarlawyers.com\/es\/gestion-de-patrimonio-en-ibiza\/#primaryimage"},"image":{"@id":"https:\/\/almarlawyers.com\/es\/gestion-de-patrimonio-en-ibiza\/#primaryimage"},"thumbnailUrl":"https:\/\/almarlawyers.com\/wp-content\/uploads\/2024\/05\/WhatsApp-Image-2024-04-22-at-22.45.14.jpeg","datePublished":"2024-05-19T17:50:35+00:00","description":"Nuestro plan Gesti\u00f3n de patrimonio en Ibiza es una soluci\u00f3n integral para quienes buscan tranquilidad y eficacia en su vida diaria","breadcrumb":{"@id":"https:\/\/almarlawyers.com\/es\/gestion-de-patrimonio-en-ibiza\/#breadcrumb"},"inLanguage":"es","potentialAction":[{"@type":"ReadAction","target":["https:\/\/almarlawyers.com\/es\/gestion-de-patrimonio-en-ibiza\/"]}]},{"@type":"ImageObject","inLanguage":"es","@id":"https:\/\/almarlawyers.com\/es\/gestion-de-patrimonio-en-ibiza\/#primaryimage","url":"https:\/\/almarlawyers.com\/wp-content\/uploads\/2024\/05\/WhatsApp-Image-2024-04-22-at-22.45.14.jpeg","contentUrl":"https:\/\/almarlawyers.com\/wp-content\/uploads\/2024\/05\/WhatsApp-Image-2024-04-22-at-22.45.14.jpeg","width":1600,"height":1200,"caption":"Gesti\u00f3n de patrimonio en Ibiza"},{"@type":"BreadcrumbList","@id":"https:\/\/almarlawyers.com\/es\/gestion-de-patrimonio-en-ibiza\/#breadcrumb","itemListElement":[{"@type":"ListItem","position":1,"name":"Home","item":"https:\/\/almarlawyers.com\/es\/"},{"@type":"ListItem","position":2,"name":"Gesti\u00f3n de patrimonio en Ibiza \u00bfC\u00f3mo gestionar tu papeleo diario?"}]},{"@type":"WebSite","@id":"https:\/\/almarlawyers.com\/ca\/#website","url":"https:\/\/almarlawyers.com\/ca\/","name":"Almar Lawyers","description":"Your Lawyers in Ibiza","publisher":{"@id":"https:\/\/almarlawyers.com\/ca\/#organization"},"potentialAction":[{"@type":"SearchAction","target":{"@type":"EntryPoint","urlTemplate":"https:\/\/almarlawyers.com\/ca\/?s={search_term_string}"},"query-input":{"@type":"PropertyValueSpecification","valueRequired":true,"valueName":"search_term_string"}}],"inLanguage":"es"},{"@type":"Organization","@id":"https:\/\/almarlawyers.com\/ca\/#organization","name":"Almar Lawyers","url":"https:\/\/almarlawyers.com\/ca\/","logo":{"@type":"ImageObject","inLanguage":"es","@id":"https:\/\/almarlawyers.com\/ca\/#\/schema\/logo\/image\/","url":"https:\/\/almarlawyers.com\/wp-content\/uploads\/2020\/07\/ALMAR-logo-Circle.png","contentUrl":"https:\/\/almarlawyers.com\/wp-content\/uploads\/2020\/07\/ALMAR-logo-Circle.png","width":73,"height":70,"caption":"Almar Lawyers"},"image":{"@id":"https:\/\/almarlawyers.com\/ca\/#\/schema\/logo\/image\/"},"sameAs":["https:\/\/www.instagram.com\/almarlawyers\/","https:\/\/www.linkedin.com\/company\/almarlawyers\/"]},{"@type":"Person","@id":"https:\/\/almarlawyers.com\/ca\/#\/schema\/person\/e402c92e04937776c1a77deec8312d81","name":"A_alm_2020Bes","image":{"@type":"ImageObject","inLanguage":"es","@id":"https:\/\/almarlawyers.com\/ca\/#\/schema\/person\/image\/","url":"https:\/\/secure.gravatar.com\/avatar\/75a54c7b77d83f0d534de24c880477818ee243775b1081c8e20cdf5b41741c45?s=96&d=mm&r=g","contentUrl":"https:\/\/secure.gravatar.com\/avatar\/75a54c7b77d83f0d534de24c880477818ee243775b1081c8e20cdf5b41741c45?s=96&d=mm&r=g","caption":"A_alm_2020Bes"},"sameAs":["https:\/\/almarlawyers.com"],"url":"https:\/\/almarlawyers.com\/es\/author\/a_alm_2020bes\/"}]}},"_links":{"self":[{"href":"https:\/\/almarlawyers.com\/es\/wp-json\/wp\/v2\/posts\/3610","targetHints":{"allow":["GET"]}}],"collection":[{"href":"https:\/\/almarlawyers.com\/es\/wp-json\/wp\/v2\/posts"}],"about":[{"href":"https:\/\/almarlawyers.com\/es\/wp-json\/wp\/v2\/types\/post"}],"author":[{"embeddable":true,"href":"https:\/\/almarlawyers.com\/es\/wp-json\/wp\/v2\/users\/1"}],"replies":[{"embeddable":true,"href":"https:\/\/almarlawyers.com\/es\/wp-json\/wp\/v2\/comments?post=3610"}],"version-history":[{"count":4,"href":"https:\/\/almarlawyers.com\/es\/wp-json\/wp\/v2\/posts\/3610\/revisions"}],"predecessor-version":[{"id":3622,"href":"https:\/\/almarlawyers.com\/es\/wp-json\/wp\/v2\/posts\/3610\/revisions\/3622"}],"wp:featuredmedia":[{"embeddable":true,"href":"https:\/\/almarlawyers.com\/es\/wp-json\/wp\/v2\/media\/3615"}],"wp:attachment":[{"href":"https:\/\/almarlawyers.com\/es\/wp-json\/wp\/v2\/media?parent=3610"}],"wp:term":[{"taxonomy":"category","embeddable":true,"href":"https:\/\/almarlawyers.com\/es\/wp-json\/wp\/v2\/categories?post=3610"},{"taxonomy":"post_tag","embeddable":true,"href":"https:\/\/almarlawyers.com\/es\/wp-json\/wp\/v2\/tags?post=3610"}],"curies":[{"name":"wp","href":"https:\/\/api.w.org\/{rel}","templated":true}]}}