{"id":2086,"date":"2015-05-06T14:30:45","date_gmt":"2015-05-06T14:30:45","guid":{"rendered":"http:\/\/almarlawyers.com\/nautical-degrees"},"modified":"2021-01-07T09:08:52","modified_gmt":"2021-01-07T09:08:52","slug":"nautical-degrees","status":"publish","type":"post","link":"https:\/\/almarlawyers.com\/es\/nautical-degrees\/","title":{"rendered":"Bandera vs. Estado o T\u00edtulo vs. Residencia"},"content":{"rendered":"<p><div class=\"fusion-fullwidth fullwidth-box fusion-builder-row-1 fusion-parallax-none nonhundred-percent-fullwidth non-hundred-percent-height-scrolling lazyload\" style=\"--awb-background-blend-mode:overlay;--awb-border-radius-top-left:0px;--awb-border-radius-top-right:0px;--awb-border-radius-bottom-right:0px;--awb-border-radius-bottom-left:0px;--awb-padding-top:90px;--awb-padding-right:0px;--awb-padding-bottom:90px;--awb-padding-left:0px;--awb-background-color:rgba(0,0,0,0.45);--awb-background-size:cover;--awb-flex-wrap:wrap;\" data-bg=\"https:\/\/almarlawyers.com\/wp-content\/uploads\/2020\/12\/Almar-Lawyers-Ibiza-News-Post-Header-Flag-Vs-Status.jpg\" ><div class=\"fusion-builder-row fusion-row\"><div class=\"fusion-layout-column fusion_builder_column fusion-builder-column-0 fusion_builder_column_1_1 1_1 fusion-one-full fusion-column-first fusion-column-last\" style=\"--awb-bg-size:cover;\"><div class=\"fusion-column-wrapper fusion-column-has-shadow fusion-flex-column-wrapper-legacy\"><div class=\"fusion-title title fusion-title-1 fusion-sep-none fusion-title-center fusion-title-text fusion-title-size-one\" style=\"--awb-text-color:#ffffff;\"><h1 class=\"fusion-title-heading title-heading-center\" style=\"margin:0;letter-spacing:3px;\">Bandera vs. Estado o T\u00edtulo vs. Residencia<\/h1><\/div><div class=\"fusion-text fusion-text-1\"><h4 style=\"text-align: center;\"><span style=\"color: #ffffff;\">Almar Lawyers<\/span><\/h4>\n<\/div><div class=\"fusion-clearfix\"><\/div><\/div><\/div><\/div><\/div><div class=\"fusion-fullwidth fullwidth-box fusion-builder-row-2 nonhundred-percent-fullwidth non-hundred-percent-height-scrolling\" style=\"--awb-border-radius-top-left:0px;--awb-border-radius-top-right:0px;--awb-border-radius-bottom-right:0px;--awb-border-radius-bottom-left:0px;--awb-padding-bottom:0px;--awb-margin-top:5%;--awb-flex-wrap:wrap;\" ><div class=\"fusion-builder-row fusion-row\"><div class=\"fusion-layout-column fusion_builder_column fusion-builder-column-1 fusion_builder_column_1_3 1_3 fusion-one-third fusion-column-first\" style=\"--awb-bg-size:cover;width:33.333333333333%;width:calc(33.333333333333% - ( ( 4% ) * 0.33333333333333 ) );margin-right: 4%;\"><div class=\"fusion-column-wrapper fusion-column-has-shadow fusion-flex-column-wrapper-legacy\"><div class=\"fusion-sep-clear\"><\/div><div class=\"fusion-separator fusion-no-large-visibility fusion-full-width-sep\" style=\"margin-left: auto;margin-right: auto;margin-top:30px;width:100%;\"><\/div><div class=\"fusion-sep-clear\"><\/div><div class=\"fusion-sep-clear\"><\/div><div class=\"fusion-separator fusion-no-small-visibility fusion-no-medium-visibility fusion-full-width-sep\" style=\"margin-left: auto;margin-right: auto;margin-top:180px;width:100%;\"><\/div><div class=\"fusion-sep-clear\"><\/div><div class=\"fusion-testimonials clean awb-speech-bubble-show fusion-testimonials-1\" style=\"--awb-textcolor:#808080;--awb-backgroundcolor:#ffffff;--awb-testimonial-border-style:solid;--awb-testimonial-border-color:var(--awb-color3);--awb-border-top-left-radius:0px;--awb-border-top-right-radius:0px;--awb-border-bottom-left-radius:0px;--awb-border-bottom-right-radius:0px;--testimonial-border-width-top:0px;--testimonial-border-width-right:0px;--testimonial-border-width-bottom:0px;--testimonial-border-width-left:0px;\" data-random=\"0\" data-speed=\"4000\"><div class=\"reviews\"><div class=\"review active-testimonial avatar-above no-avatar\"><blockquote class=\"testimonials-shortcode-blockquote\"><div class=\"awb-quote\"><div class=\"awb-quote-content\"><span style=\"color: #2b7d93;\">El Real Decreto 875\/2014, que regula las titulaciones n\u00e1uticas, exige t\u00edtulo n\u00e1utico para navegar en aguas espa\u00f1olas.\u00bfSe pretende en realidad preservar la seguridad mar\u00edtima o existe una finalidad oculta?<\/span><\/div><\/div><\/blockquote><div class=\"author\"><span class=\"company-name\"><\/span><\/div><\/div><\/div><\/div><div class=\"fusion-clearfix\"><\/div><\/div><\/div><div class=\"fusion-layout-column fusion_builder_column fusion-builder-column-2 fusion_builder_column_2_3 2_3 fusion-two-third fusion-column-last\" style=\"--awb-bg-size:cover;width:66.666666666667%;width:calc(66.666666666667% - ( ( 4% ) * 0.66666666666667 ) );\"><div class=\"fusion-column-wrapper fusion-column-has-shadow fusion-flex-column-wrapper-legacy\"><div class=\"fusion-title title fusion-title-2 fusion-sep-none fusion-title-text fusion-title-size-two\" style=\"--awb-margin-bottom:20px;\"><h2 class=\"fusion-title-heading title-heading-left\" style=\"margin:0;\"><span style=\"color: #054c50;\">TITULACIONES N\u00c1UTICAS: BANDERA VS. ESTADO O T\u00cdTULO VS. RESIDENCIA<\/span><\/h2><\/div><div class=\"fusion-sep-clear\"><\/div><div class=\"fusion-separator fusion-clearfix\" style=\"float:left;margin-bottom:30px;width:100%;max-width:50px;\"><div class=\"fusion-separator-border sep-single sep-solid\" style=\"--awb-height:20px;--awb-amount:20px;--awb-sep-color:#25b0b9;border-color:#25b0b9;border-top-width:2px;\"><\/div><\/div><div class=\"fusion-sep-clear\"><\/div><div class=\"fusion-text fusion-text-2\"><p>Con el Real Decreto 875\/2014, en el que se regulan las titulaciones n\u00e1uticas, se exige un t\u00edtulo n\u00e1utico para navegar en aguas espa\u00f1olas.<\/p>\n<\/div><div class=\"fusion-reading-box-container reading-box-container-1\" style=\"--awb-title-color:#212934;--awb-margin-top:0px;--awb-margin-bottom:0px;\"><div class=\"reading-box\" style=\"background-color:#ffffff;border-width:4px;border-color:rgba(226,226,226,0);border-left-width:4px;border-left-color:var(--primary_color);border-style:solid;\"><div class=\"reading-box-additional\"><span style=\"vertical-align: inherit;\"><span style=\"vertical-align: inherit;\">Como bien sabemos, desde la reforma de los Impuestos Especiales de 2.011, en la que se permite a los ciudadanos residentes en Espa\u00f1a abanderar su embarcaci\u00f3n en el extranjero, se ha producido un importante \u00e9xodo de embarcaciones hacia pa\u00edses de menos exigencias. El abandono del pabell\u00f3n espa\u00f1ol se debe a diferentes factores-incentivo, como el abaratamiento en los costes en inspecciones o en burocracia, as\u00ed como a solventar la traba de la posesi\u00f3n insuficiente de t\u00edtulos de navegaci\u00f3n.<\/span><\/div><div class=\"fusion-clearfix\"><\/div><\/div><\/div><div class=\"fusion-text fusion-text-3\"><p>Esta situaci\u00f3n no ha sido, desde luego, bienvenida por la Direcci\u00f3n General de la Marina Mercante, que mediante la exigencia universal de t\u00edtulo n\u00e1utico, ha intentado poner freno a este problema: &#8216;ac\u00f3jase a otra bandera, que yo el t\u00edtulo se lo pido igual&#8217;.<\/span><\/p>\n<p>Lo que desde luego no consideraron, fue que esta tabla rasa no solo afectar\u00eda a los espa\u00f1oles \u201cescaqueados\u201d, sino que adem\u00e1s se obligaba a todo navegante -extranjero incluido- a poseer un t\u00edtulo de navegaci\u00f3n suficiente. Franceses, belgas, italianos, americanos, todos ellos deben ahora, con la disposici\u00f3n que analizamos, poseer un t\u00edtulo suficiente a ojos del Estado espa\u00f1ol.<\/p>\n<p>Todo ello, incluyendo la gran traba que supone ponerle a un sector tur\u00edstico que aumenta y supone un important\u00edsimo ingreso para las arcas y el mediterr\u00e1neo espa\u00f1ol en general, ha sido el precio que se ha tenido que pagar para mantener bajo raya a los navegantes espa\u00f1oles.<\/p>\n<\/div><div class=\"fusion-clearfix\"><\/div><\/div><\/div><\/div><\/div><div class=\"fusion-fullwidth fullwidth-box fusion-builder-row-3 nonhundred-percent-fullwidth non-hundred-percent-height-scrolling\" style=\"--awb-border-radius-top-left:0px;--awb-border-radius-top-right:0px;--awb-border-radius-bottom-right:0px;--awb-border-radius-bottom-left:0px;--awb-padding-right:0px;--awb-padding-left:0px;--awb-margin-top:3%;--awb-margin-bottom:3%;--awb-flex-wrap:wrap;\" ><div class=\"fusion-builder-row fusion-row\"><div class=\"fusion-layout-column fusion_builder_column fusion-builder-column-3 fusion_builder_column_1_1 1_1 fusion-one-full fusion-column-first fusion-column-last\" style=\"--awb-bg-size:cover;\"><div class=\"fusion-column-wrapper fusion-column-has-shadow fusion-flex-column-wrapper-legacy\"><div class=\"fusion-column-content-centered\"><div class=\"fusion-column-content\"><div class=\"fusion-image-element fusion-image-align-center in-legacy-container\" style=\"text-align:center;--awb-caption-title-font-family:var(--h2_typography-font-family);--awb-caption-title-font-weight:var(--h2_typography-font-weight);--awb-caption-title-font-style:var(--h2_typography-font-style);--awb-caption-title-size:var(--h2_typography-font-size);--awb-caption-title-transform:var(--h2_typography-text-transform);--awb-caption-title-line-height:var(--h2_typography-line-height);--awb-caption-title-letter-spacing:var(--h2_typography-letter-spacing);\"><div class=\"imageframe-align-center\"><span class=\" fusion-imageframe imageframe-none imageframe-1 hover-type-none\"><img decoding=\"async\" width=\"1024\" height=\"332\" title=\"Blog-End-Image\" src=\"https:\/\/almarlawyers.com\/wp-content\/uploads\/2020\/06\/Blog-End-Image.jpg\" data-orig-src=\"https:\/\/almarlawyers.com\/wp-content\/uploads\/2020\/06\/Blog-End-Image-1024x332.jpg\" alt class=\"lazyload img-responsive wp-image-622\" srcset=\"data:image\/svg+xml,%3Csvg%20xmlns%3D%27http%3A%2F%2Fwww.w3.org%2F2000%2Fsvg%27%20width%3D%271233%27%20height%3D%27400%27%20viewBox%3D%270%200%201233%20400%27%3E%3Crect%20width%3D%271233%27%20height%3D%27400%27%20fill-opacity%3D%220%22%2F%3E%3C%2Fsvg%3E\" data-srcset=\"https:\/\/almarlawyers.com\/wp-content\/uploads\/2020\/06\/Blog-End-Image-200x65.jpg 200w, https:\/\/almarlawyers.com\/wp-content\/uploads\/2020\/06\/Blog-End-Image-400x130.jpg 400w, https:\/\/almarlawyers.com\/wp-content\/uploads\/2020\/06\/Blog-End-Image-600x195.jpg 600w, https:\/\/almarlawyers.com\/wp-content\/uploads\/2020\/06\/Blog-End-Image-800x260.jpg 800w, https:\/\/almarlawyers.com\/wp-content\/uploads\/2020\/06\/Blog-End-Image-1200x389.jpg 1200w, https:\/\/almarlawyers.com\/wp-content\/uploads\/2020\/06\/Blog-End-Image.jpg 1233w\" data-sizes=\"auto\" data-orig-sizes=\"(max-width: 800px) 100vw, 1024px\" \/><\/span><\/div><\/div><\/div><\/div><div class=\"fusion-clearfix\"><\/div><\/div><\/div><\/div><\/div><div class=\"fusion-fullwidth fullwidth-box fusion-builder-row-4 nonhundred-percent-fullwidth non-hundred-percent-height-scrolling\" style=\"--awb-border-radius-top-left:0px;--awb-border-radius-top-right:0px;--awb-border-radius-bottom-right:0px;--awb-border-radius-bottom-left:0px;--awb-margin-top:30px;--awb-flex-wrap:wrap;\" ><div class=\"fusion-builder-row fusion-row\"><div class=\"fusion-layout-column fusion_builder_column fusion-builder-column-4 fusion_builder_column_1_3 1_3 fusion-one-third fusion-column-first\" style=\"--awb-bg-size:cover;width:33.333333333333%;width:calc(33.333333333333% - ( ( 4% ) * 0.33333333333333 ) );margin-right: 4%;\"><div class=\"fusion-column-wrapper fusion-column-has-shadow fusion-flex-column-wrapper-legacy\"><div class=\"fusion-sep-clear\"><\/div><div class=\"fusion-separator fusion-no-large-visibility fusion-full-width-sep\" style=\"margin-left: auto;margin-right: auto;margin-top:30px;width:100%;\"><\/div><div class=\"fusion-sep-clear\"><\/div><div class=\"fusion-sep-clear\"><\/div><div class=\"fusion-separator fusion-no-small-visibility fusion-no-medium-visibility fusion-full-width-sep\" style=\"margin-left: auto;margin-right: auto;margin-top:180px;width:100%;\"><\/div><div class=\"fusion-sep-clear\"><\/div><div class=\"fusion-fa-align-center\"><i class=\"fb-icon-element-1 fb-icon-element fontawesome-icon fa-quote-left fas circle-no\" style=\"--awb-iconcolor:#afafaf;--awb-iconcolor-hover:#e5e5e5;--awb-font-size:32px;\"><\/i><\/div><div class=\"fusion-testimonials clean awb-speech-bubble-show fusion-testimonials-2\" style=\"--awb-textcolor:#808080;--awb-backgroundcolor:#ffffff;--awb-testimonial-border-style:solid;--awb-testimonial-border-color:var(--awb-color3);--awb-border-top-left-radius:0px;--awb-border-top-right-radius:0px;--awb-border-bottom-left-radius:0px;--awb-border-bottom-right-radius:0px;--testimonial-border-width-top:0px;--testimonial-border-width-right:0px;--testimonial-border-width-bottom:0px;--testimonial-border-width-left:0px;\" data-random=\"0\" data-speed=\"4000\"><div class=\"reviews\"><div class=\"review active-testimonial avatar-above no-avatar\"><blockquote class=\"testimonials-shortcode-blockquote\"><div class=\"awb-quote\"><div class=\"awb-quote-content\"><span style=\"color: #054c50;\">Nos preguntamos si tal exigencia responde a preservar la seguridad mar\u00edtima, o si en realidad, pretende evitar que los espa\u00f1oles naveguen sin t\u00edtulo registrando sus barcos en pa\u00edses de mayor conveniencia.<\/span><\/div><\/div><\/blockquote><div class=\"author\"><span class=\"company-name\"><strong>Alejandro Bonnet Templeton<\/strong><\/span><\/div><\/div><\/div><\/div><div class=\"fusion-clearfix\"><\/div><\/div><\/div><div class=\"fusion-layout-column fusion_builder_column fusion-builder-column-5 fusion_builder_column_2_3 2_3 fusion-two-third fusion-column-last\" style=\"--awb-bg-size:cover;width:66.666666666667%;width:calc(66.666666666667% - ( ( 4% ) * 0.66666666666667 ) );\"><div class=\"fusion-column-wrapper fusion-column-has-shadow fusion-flex-column-wrapper-legacy\"><div class=\"fusion-title title fusion-title-3 fusion-sep-none fusion-title-text fusion-title-size-three\" style=\"--awb-margin-bottom:20px;\"><h3 class=\"fusion-title-heading title-heading-left\" style=\"margin:0;\"><span style=\"color: #054c50;\">Transcribimos la disposici\u00f3n adicional 5\u00aa de la analizada norma:<\/span><\/h3><\/div><div class=\"fusion-sep-clear\"><\/div><div class=\"fusion-separator fusion-clearfix\" style=\"float:left;margin-bottom:30px;width:100%;max-width:50px;\"><div class=\"fusion-separator-border sep-single sep-solid\" style=\"--awb-height:20px;--awb-amount:20px;--awb-sep-color:#25b0b9;border-color:#25b0b9;border-top-width:2px;\"><\/div><\/div><div class=\"fusion-sep-clear\"><\/div><div class=\"fusion-text fusion-text-4\"><p>Exigencia de titulaci\u00f3n para el gobierno de embarcaciones de recreo abanderadas en otros Estados.<\/p>\n<p style=\"padding-left: 40px;\"><strong><span style=\"color: #2b7d93;\">1. <\/span><\/strong>Toda persona que gobierne una embarcaci\u00f3n de recreo, abanderada en otros Estados, que navegue por aguas en las que Espa\u00f1a ejerza soberan\u00eda, derechos soberanos o jurisdicci\u00f3n deber\u00e1 estar en posesi\u00f3n de una titulaci\u00f3n que le habilite para realizar dicha navegaci\u00f3n.<\/p>\n<p style=\"padding-left: 40px;\"><strong><span style=\"color: #2b7d93;\">2. <\/span><\/strong>A los efectos previstos en el apartado anterior la titulaci\u00f3n exigible, en aquellos casos en los que la nacionalidad del patr\u00f3n coincida con la del pabell\u00f3n de la embarcaci\u00f3n, ser\u00e1 la requerida de acuerdo con la legislaci\u00f3n del pa\u00eds de nacionalidad del patr\u00f3n; y para los casos en los que no coincidan ambas nacionalidades la titulaci\u00f3n ser\u00e1 aquella requerida por la legislaci\u00f3n del pa\u00eds de residencia del patr\u00f3n o en su defecto, la de su nacionalidad.<\/p>\n<p>En otras palabras: necesitas tener un t\u00edtulo, a no ser que el pa\u00eds de la bandera que enarbola tu embarcaci\u00f3n no lo exija, y adem\u00e1s, coincida con el pa\u00eds de tu nacionalidad o residencia.<\/p>\n<p>Es decir, un belga, puede navegar sin t\u00edtulo en su embarcaci\u00f3n belga; no as\u00ed un franc\u00e9s en la misma embarcaci\u00f3n -belga-. Dado que al no coincidir la nacionalidad del capit\u00e1n y la nacionalidad de la bandera, ser\u00e1 exigible la titulaci\u00f3n que exija el pa\u00eds de nacionalidad del capit\u00e1n.<\/p>\n<p>Desde luego la soluci\u00f3n ha sido astuta, pues de un modo u otro, elimina la posibilidad de navegar sin titulaci\u00f3n alguna. Pero dudosamente pasa nuestro test de legalidad:<\/p>\n<p>Si bien Espa\u00f1a tiene atribuciones a nivel internacional para preservar y asegurar la seguridad mar\u00edtima en sus mares, y por ello requerir una titulaci\u00f3n en las embarcaciones que navegan en sus mares, la presente disposici\u00f3n puede dar lugar a una discriminaci\u00f3n por nacionalidad; pues en la misma embarcaci\u00f3n puede darse una exigencia distinta dependiendo de si la nacionalidad es una u otra; es decir, si coincide o no la nacionalidad con el pais de la bandera del barco.<\/p>\n<p>Trayendo a colaci\u00f3n de nuevo el ejemplo anterior, en un yate belga, si se trata de un capit\u00e1n belga, es de aplicaci\u00f3n la legislaci\u00f3n belga; pero sin embargo, si el capit\u00e1n no es belga, la legislaci\u00f3n belga es ninguneada e ignorada en favor de la legislaci\u00f3n de la nacionalidad del capit\u00e1n.<\/p>\n<p>Asimismo, en el Real Decreto 875\/2.014, se establece que en una embarcaci\u00f3n que enarbola bandera espa\u00f1ola, el capit\u00e1n deber\u00e1 poseer, o bien titulaci\u00f3n espa\u00f1ola, o bien una autorizaci\u00f3n del Capit\u00e1n Mar\u00edtimo por la cual se le permite navegar por las aguas espa\u00f1olas en barco espa\u00f1ol, con su titulaci\u00f3n extranjera.<\/p>\n<p>En la Convenci\u00f3n de Derechos del Mar de las Naciones Unidas se le atribuye a cada pa\u00eds el derecho y la responsabilidad de asegurar una tripulaci\u00f3n en los buques bajo su bandera que aseguren una seguridad mar\u00edtima, repartiendo minuciosamente las atribuciones y respeto a las soberan\u00edas existentes. Podr\u00edamos entender, en el caso nuestro, que el presente Real Decreto en vigor en Espa\u00f1a est\u00e1 afectando a una larga y cuasi centenaria tradici\u00f3n mar\u00edtima, al entrometerse en el derecho de cada pa\u00eds, de regular y gestionar, la seguridad que se establece en cada embarcaci\u00f3n.<\/p>\n<\/div><div class=\"fusion-clearfix\"><\/div><\/div><\/div><\/div><\/div><div class=\"fusion-fullwidth fullwidth-box fusion-builder-row-5 nonhundred-percent-fullwidth non-hundred-percent-height-scrolling\" style=\"--awb-border-radius-top-left:0px;--awb-border-radius-top-right:0px;--awb-border-radius-bottom-right:0px;--awb-border-radius-bottom-left:0px;--awb-flex-wrap:wrap;\" ><div class=\"fusion-builder-row fusion-row\"><div class=\"fusion-layout-column fusion_builder_column fusion-builder-column-6 fusion_builder_column_1_1 1_1 fusion-one-full fusion-column-first fusion-column-last\" style=\"--awb-bg-size:cover;\"><div class=\"fusion-column-wrapper fusion-column-has-shadow fusion-flex-column-wrapper-legacy\"><div class=\"fusion-title title fusion-title-4 fusion-sep-none fusion-title-text fusion-title-size-three\" style=\"--awb-text-color:#054c50;\"><h3 class=\"fusion-title-heading title-heading-left\" style=\"margin:0;\">Recent Posts<\/h3><\/div><div class=\"fusion-recent-posts fusion-recent-posts-1 avada-container layout-default layout-columns-3 fusion-recent-posts-center\"><section class=\"fusion-columns columns fusion-columns-3 columns-3\"><article class=\"post fusion-column column col col-lg-4 col-md-4 col-sm-4\"><div class=\"fusion-flexslider fusion-flexslider-loading flexslider flexslider-hover-type-none\"><ul class=\"slides\"><li><a href=\"https:\/\/almarlawyers.com\/es\/sector-nautico-de-baleares\/\" aria-label=\"Sector Na\u0301utico de Baleares: Claves y Riesgos del Proyecto de Modificacio\u0301n del Decreto 21\/2017\" class=\"hover-type-none\"><img decoding=\"async\" width=\"700\" height=\"441\" src=\"https:\/\/almarlawyers.com\/wp-content\/uploads\/2025\/03\/Diseno-sin-titulo-700x441.png\" class=\"attachment-recent-posts size-recent-posts lazyload\" alt=\"Sector Na\u0301utico de Baleares\" srcset=\"data:image\/svg+xml,%3Csvg%20xmlns%3D%27http%3A%2F%2Fwww.w3.org%2F2000%2Fsvg%27%20width%3D%272000%27%20height%3D%271238%27%20viewBox%3D%270%200%202000%201238%27%3E%3Crect%20width%3D%272000%27%20height%3D%271238%27%20fill-opacity%3D%220%22%2F%3E%3C%2Fsvg%3E\" data-orig-src=\"https:\/\/almarlawyers.com\/wp-content\/uploads\/2025\/03\/Diseno-sin-titulo-700x441.png\" data-srcset=\"https:\/\/almarlawyers.com\/wp-content\/uploads\/2025\/03\/Diseno-sin-titulo-320x202.png 320w, https:\/\/almarlawyers.com\/wp-content\/uploads\/2025\/03\/Diseno-sin-titulo-700x441.png 700w\" data-sizes=\"auto\" \/><\/a><\/li><\/ul><\/div><div class=\"recent-posts-content\"><span class=\"vcard\" style=\"display: none;\"><span class=\"fn\"><a href=\"https:\/\/almarlawyers.com\/es\/author\/a_alm_2020bes\/\" title=\"Entradas de A_alm_2020Bes\" rel=\"author\">A_alm_2020Bes<\/a><\/span><\/span><span class=\"updated\" style=\"display:none;\">2025-03-10T09:10:59+00:00<\/span><h4 class=\"entry-title\"><a href=\"https:\/\/almarlawyers.com\/es\/sector-nautico-de-baleares\/\">Sector Na\u0301utico de Baleares: Claves y Riesgos del Proyecto de Modificacio\u0301n del Decreto 21\/2017<\/a><\/h4><\/div><\/article><article class=\"post fusion-column column col col-lg-4 col-md-4 col-sm-4\"><div class=\"fusion-flexslider fusion-flexslider-loading flexslider flexslider-hover-type-none\"><ul class=\"slides\"><li><a href=\"https:\/\/almarlawyers.com\/es\/la-operacion-de-salvamento-en-espana\/\" aria-label=\"La operaci\u00f3n de salvamento en Espa\u00f1a\" class=\"hover-type-none\"><img decoding=\"async\" width=\"700\" height=\"441\" src=\"https:\/\/almarlawyers.com\/wp-content\/uploads\/2025\/02\/Imagen-de-WhatsApp-2024-08-18-a-las-13.08.47_a841a503-700x441.jpg\" class=\"attachment-recent-posts size-recent-posts lazyload\" alt=\"La operaci\u00f3n de salvamento en Espa\u00f1a\" srcset=\"data:image\/svg+xml,%3Csvg%20xmlns%3D%27http%3A%2F%2Fwww.w3.org%2F2000%2Fsvg%27%20width%3D%271600%27%20height%3D%271200%27%20viewBox%3D%270%200%201600%201200%27%3E%3Crect%20width%3D%271600%27%20height%3D%271200%27%20fill-opacity%3D%220%22%2F%3E%3C%2Fsvg%3E\" data-orig-src=\"https:\/\/almarlawyers.com\/wp-content\/uploads\/2025\/02\/Imagen-de-WhatsApp-2024-08-18-a-las-13.08.47_a841a503-700x441.jpg\" data-srcset=\"https:\/\/almarlawyers.com\/wp-content\/uploads\/2025\/02\/Imagen-de-WhatsApp-2024-08-18-a-las-13.08.47_a841a503-320x202.jpg 320w, https:\/\/almarlawyers.com\/wp-content\/uploads\/2025\/02\/Imagen-de-WhatsApp-2024-08-18-a-las-13.08.47_a841a503-700x441.jpg 700w\" data-sizes=\"auto\" \/><\/a><\/li><\/ul><\/div><div class=\"recent-posts-content\"><span class=\"vcard\" style=\"display: none;\"><span class=\"fn\"><a href=\"https:\/\/almarlawyers.com\/es\/author\/a_alm_2020bes\/\" title=\"Entradas de A_alm_2020Bes\" rel=\"author\">A_alm_2020Bes<\/a><\/span><\/span><span class=\"updated\" style=\"display:none;\">2025-02-10T06:15:41+00:00<\/span><h4 class=\"entry-title\"><a href=\"https:\/\/almarlawyers.com\/es\/la-operacion-de-salvamento-en-espana\/\">La operaci\u00f3n de salvamento en Espa\u00f1a<\/a><\/h4><\/div><\/article><article class=\"post fusion-column column col col-lg-4 col-md-4 col-sm-4\"><div class=\"fusion-flexslider fusion-flexslider-loading flexslider flexslider-hover-type-none\"><ul class=\"slides\"><li><a href=\"https:\/\/almarlawyers.com\/es\/abogados-en-ibiza-y-formentera-cual-necesitas-segun-tu-caso\/\" aria-label=\"Abogados en Ibiza y Formentera \u00bfCu\u00e1l necesitas seg\u00fan tu caso?\u00a0\" class=\"hover-type-none\"><img decoding=\"async\" width=\"700\" height=\"441\" src=\"https:\/\/almarlawyers.com\/wp-content\/uploads\/2024\/06\/WhatsApp-Image-2023-04-04-at-23.08.18-2-700x441.jpeg\" class=\"attachment-recent-posts size-recent-posts lazyload\" alt=\"Abogados en Ibiza y Formentera\" srcset=\"data:image\/svg+xml,%3Csvg%20xmlns%3D%27http%3A%2F%2Fwww.w3.org%2F2000%2Fsvg%27%20width%3D%27988%27%20height%3D%27608%27%20viewBox%3D%270%200%20988%20608%27%3E%3Crect%20width%3D%27988%27%20height%3D%27608%27%20fill-opacity%3D%220%22%2F%3E%3C%2Fsvg%3E\" data-orig-src=\"https:\/\/almarlawyers.com\/wp-content\/uploads\/2024\/06\/WhatsApp-Image-2023-04-04-at-23.08.18-2-700x441.jpeg\" data-srcset=\"https:\/\/almarlawyers.com\/wp-content\/uploads\/2024\/06\/WhatsApp-Image-2023-04-04-at-23.08.18-2-320x202.jpeg 320w, https:\/\/almarlawyers.com\/wp-content\/uploads\/2024\/06\/WhatsApp-Image-2023-04-04-at-23.08.18-2-700x441.jpeg 700w\" data-sizes=\"auto\" \/><\/a><\/li><\/ul><\/div><div class=\"recent-posts-content\"><span class=\"vcard\" style=\"display: none;\"><span class=\"fn\"><a href=\"https:\/\/almarlawyers.com\/es\/author\/a_alm_2020bes\/\" title=\"Entradas de A_alm_2020Bes\" rel=\"author\">A_alm_2020Bes<\/a><\/span><\/span><span class=\"updated\" style=\"display:none;\">2024-06-10T08:16:51+00:00<\/span><h4 class=\"entry-title\"><a href=\"https:\/\/almarlawyers.com\/es\/abogados-en-ibiza-y-formentera-cual-necesitas-segun-tu-caso\/\">Abogados en Ibiza y Formentera \u00bfCu\u00e1l necesitas seg\u00fan tu caso?\u00a0<\/a><\/h4><\/div><\/article><\/section><\/div><div class=\"fusion-clearfix\"><\/div><\/div><\/div><\/div><\/div><\/p>\n","protected":false},"excerpt":{"rendered":"","protected":false},"author":1,"featured_media":1844,"comment_status":"closed","ping_status":"closed","sticky":false,"template":"","format":"standard","meta":{"footnotes":""},"categories":[97],"tags":[],"class_list":["post-2086","post","type-post","status-publish","format-standard","has-post-thumbnail","hentry","category-derecho-nautico"],"yoast_head":"<!-- This site is optimized with the Yoast SEO plugin v26.1.1 - https:\/\/yoast.com\/wordpress\/plugins\/seo\/ -->\n<title>Bandera vs. Estado o T\u00edtulo vs. Residencia - Almar Lawyers<\/title>\n<meta name=\"robots\" content=\"index, follow, max-snippet:-1, max-image-preview:large, max-video-preview:-1\" \/>\n<link rel=\"canonical\" href=\"https:\/\/almarlawyers.com\/es\/nautical-degrees\/\" \/>\n<meta property=\"og:locale\" content=\"es_ES\" \/>\n<meta property=\"og:type\" content=\"article\" \/>\n<meta property=\"og:title\" content=\"Bandera vs. Estado o T\u00edtulo vs. Residencia - Almar Lawyers\" \/>\n<meta property=\"og:url\" content=\"https:\/\/almarlawyers.com\/es\/nautical-degrees\/\" \/>\n<meta property=\"og:site_name\" content=\"Almar Lawyers\" \/>\n<meta property=\"article:published_time\" content=\"2015-05-06T14:30:45+00:00\" \/>\n<meta property=\"article:modified_time\" content=\"2021-01-07T09:08:52+00:00\" \/>\n<meta property=\"og:image\" content=\"https:\/\/almarlawyers.com\/wp-content\/uploads\/2020\/12\/Almar-Lawyers-Ibiza-News-Thumb-Flag-Vs-Status.jpg\" \/>\n\t<meta property=\"og:image:width\" content=\"600\" \/>\n\t<meta property=\"og:image:height\" content=\"400\" \/>\n\t<meta property=\"og:image:type\" content=\"image\/jpeg\" \/>\n<meta name=\"author\" content=\"A_alm_2020Bes\" \/>\n<meta name=\"twitter:card\" content=\"summary_large_image\" \/>\n<meta name=\"twitter:label1\" content=\"Escrito por\" \/>\n\t<meta name=\"twitter:data1\" content=\"A_alm_2020Bes\" \/>\n\t<meta name=\"twitter:label2\" content=\"Tiempo de lectura\" \/>\n\t<meta name=\"twitter:data2\" content=\"23 minutos\" \/>\n<script type=\"application\/ld+json\" class=\"yoast-schema-graph\">{\"@context\":\"https:\/\/schema.org\",\"@graph\":[{\"@type\":\"Article\",\"@id\":\"https:\/\/almarlawyers.com\/es\/nautical-degrees\/#article\",\"isPartOf\":{\"@id\":\"https:\/\/almarlawyers.com\/es\/nautical-degrees\/\"},\"author\":{\"name\":\"A_alm_2020Bes\",\"@id\":\"https:\/\/almarlawyers.com\/ca\/#\/schema\/person\/e402c92e04937776c1a77deec8312d81\"},\"headline\":\"Bandera vs. Estado o T\u00edtulo vs. Residencia\",\"datePublished\":\"2015-05-06T14:30:45+00:00\",\"dateModified\":\"2021-01-07T09:08:52+00:00\",\"mainEntityOfPage\":{\"@id\":\"https:\/\/almarlawyers.com\/es\/nautical-degrees\/\"},\"wordCount\":4600,\"publisher\":{\"@id\":\"https:\/\/almarlawyers.com\/ca\/#organization\"},\"image\":{\"@id\":\"https:\/\/almarlawyers.com\/es\/nautical-degrees\/#primaryimage\"},\"thumbnailUrl\":\"https:\/\/almarlawyers.com\/wp-content\/uploads\/2020\/12\/Almar-Lawyers-Ibiza-News-Thumb-Flag-Vs-Status.jpg\",\"articleSection\":[\"Derecho n\u00e1utico\"],\"inLanguage\":\"es\"},{\"@type\":\"WebPage\",\"@id\":\"https:\/\/almarlawyers.com\/es\/nautical-degrees\/\",\"url\":\"https:\/\/almarlawyers.com\/es\/nautical-degrees\/\",\"name\":\"Bandera vs. Estado o T\u00edtulo vs. Residencia - Almar Lawyers\",\"isPartOf\":{\"@id\":\"https:\/\/almarlawyers.com\/ca\/#website\"},\"primaryImageOfPage\":{\"@id\":\"https:\/\/almarlawyers.com\/es\/nautical-degrees\/#primaryimage\"},\"image\":{\"@id\":\"https:\/\/almarlawyers.com\/es\/nautical-degrees\/#primaryimage\"},\"thumbnailUrl\":\"https:\/\/almarlawyers.com\/wp-content\/uploads\/2020\/12\/Almar-Lawyers-Ibiza-News-Thumb-Flag-Vs-Status.jpg\",\"datePublished\":\"2015-05-06T14:30:45+00:00\",\"dateModified\":\"2021-01-07T09:08:52+00:00\",\"breadcrumb\":{\"@id\":\"https:\/\/almarlawyers.com\/es\/nautical-degrees\/#breadcrumb\"},\"inLanguage\":\"es\",\"potentialAction\":[{\"@type\":\"ReadAction\",\"target\":[\"https:\/\/almarlawyers.com\/es\/nautical-degrees\/\"]}]},{\"@type\":\"ImageObject\",\"inLanguage\":\"es\",\"@id\":\"https:\/\/almarlawyers.com\/es\/nautical-degrees\/#primaryimage\",\"url\":\"https:\/\/almarlawyers.com\/wp-content\/uploads\/2020\/12\/Almar-Lawyers-Ibiza-News-Thumb-Flag-Vs-Status.jpg\",\"contentUrl\":\"https:\/\/almarlawyers.com\/wp-content\/uploads\/2020\/12\/Almar-Lawyers-Ibiza-News-Thumb-Flag-Vs-Status.jpg\",\"width\":600,\"height\":400},{\"@type\":\"BreadcrumbList\",\"@id\":\"https:\/\/almarlawyers.com\/es\/nautical-degrees\/#breadcrumb\",\"itemListElement\":[{\"@type\":\"ListItem\",\"position\":1,\"name\":\"Home\",\"item\":\"https:\/\/almarlawyers.com\/es\/\"},{\"@type\":\"ListItem\",\"position\":2,\"name\":\"Bandera vs. Estado o T\u00edtulo vs. Residencia\"}]},{\"@type\":\"WebSite\",\"@id\":\"https:\/\/almarlawyers.com\/ca\/#website\",\"url\":\"https:\/\/almarlawyers.com\/ca\/\",\"name\":\"Almar Lawyers\",\"description\":\"Your Lawyers in Ibiza\",\"publisher\":{\"@id\":\"https:\/\/almarlawyers.com\/ca\/#organization\"},\"potentialAction\":[{\"@type\":\"SearchAction\",\"target\":{\"@type\":\"EntryPoint\",\"urlTemplate\":\"https:\/\/almarlawyers.com\/ca\/?s={search_term_string}\"},\"query-input\":{\"@type\":\"PropertyValueSpecification\",\"valueRequired\":true,\"valueName\":\"search_term_string\"}}],\"inLanguage\":\"es\"},{\"@type\":\"Organization\",\"@id\":\"https:\/\/almarlawyers.com\/ca\/#organization\",\"name\":\"Almar Lawyers\",\"url\":\"https:\/\/almarlawyers.com\/ca\/\",\"logo\":{\"@type\":\"ImageObject\",\"inLanguage\":\"es\",\"@id\":\"https:\/\/almarlawyers.com\/ca\/#\/schema\/logo\/image\/\",\"url\":\"https:\/\/almarlawyers.com\/wp-content\/uploads\/2020\/07\/ALMAR-logo-Circle.png\",\"contentUrl\":\"https:\/\/almarlawyers.com\/wp-content\/uploads\/2020\/07\/ALMAR-logo-Circle.png\",\"width\":73,\"height\":70,\"caption\":\"Almar Lawyers\"},\"image\":{\"@id\":\"https:\/\/almarlawyers.com\/ca\/#\/schema\/logo\/image\/\"},\"sameAs\":[\"https:\/\/www.instagram.com\/almarlawyers\/\",\"https:\/\/www.linkedin.com\/company\/almarlawyers\/\"]},{\"@type\":\"Person\",\"@id\":\"https:\/\/almarlawyers.com\/ca\/#\/schema\/person\/e402c92e04937776c1a77deec8312d81\",\"name\":\"A_alm_2020Bes\",\"image\":{\"@type\":\"ImageObject\",\"inLanguage\":\"es\",\"@id\":\"https:\/\/almarlawyers.com\/ca\/#\/schema\/person\/image\/\",\"url\":\"https:\/\/secure.gravatar.com\/avatar\/75a54c7b77d83f0d534de24c880477818ee243775b1081c8e20cdf5b41741c45?s=96&d=mm&r=g\",\"contentUrl\":\"https:\/\/secure.gravatar.com\/avatar\/75a54c7b77d83f0d534de24c880477818ee243775b1081c8e20cdf5b41741c45?s=96&d=mm&r=g\",\"caption\":\"A_alm_2020Bes\"},\"sameAs\":[\"https:\/\/almarlawyers.com\"],\"url\":\"https:\/\/almarlawyers.com\/es\/author\/a_alm_2020bes\/\"}]}<\/script>\n<!-- \/ Yoast SEO plugin. -->","yoast_head_json":{"title":"Bandera vs. Estado o T\u00edtulo vs. Residencia - Almar Lawyers","robots":{"index":"index","follow":"follow","max-snippet":"max-snippet:-1","max-image-preview":"max-image-preview:large","max-video-preview":"max-video-preview:-1"},"canonical":"https:\/\/almarlawyers.com\/es\/nautical-degrees\/","og_locale":"es_ES","og_type":"article","og_title":"Bandera vs. Estado o T\u00edtulo vs. Residencia - Almar Lawyers","og_url":"https:\/\/almarlawyers.com\/es\/nautical-degrees\/","og_site_name":"Almar Lawyers","article_published_time":"2015-05-06T14:30:45+00:00","article_modified_time":"2021-01-07T09:08:52+00:00","og_image":[{"width":600,"height":400,"url":"https:\/\/almarlawyers.com\/wp-content\/uploads\/2020\/12\/Almar-Lawyers-Ibiza-News-Thumb-Flag-Vs-Status.jpg","type":"image\/jpeg"}],"author":"A_alm_2020Bes","twitter_card":"summary_large_image","twitter_misc":{"Escrito por":"A_alm_2020Bes","Tiempo de lectura":"23 minutos"},"schema":{"@context":"https:\/\/schema.org","@graph":[{"@type":"Article","@id":"https:\/\/almarlawyers.com\/es\/nautical-degrees\/#article","isPartOf":{"@id":"https:\/\/almarlawyers.com\/es\/nautical-degrees\/"},"author":{"name":"A_alm_2020Bes","@id":"https:\/\/almarlawyers.com\/ca\/#\/schema\/person\/e402c92e04937776c1a77deec8312d81"},"headline":"Bandera vs. Estado o T\u00edtulo vs. Residencia","datePublished":"2015-05-06T14:30:45+00:00","dateModified":"2021-01-07T09:08:52+00:00","mainEntityOfPage":{"@id":"https:\/\/almarlawyers.com\/es\/nautical-degrees\/"},"wordCount":4600,"publisher":{"@id":"https:\/\/almarlawyers.com\/ca\/#organization"},"image":{"@id":"https:\/\/almarlawyers.com\/es\/nautical-degrees\/#primaryimage"},"thumbnailUrl":"https:\/\/almarlawyers.com\/wp-content\/uploads\/2020\/12\/Almar-Lawyers-Ibiza-News-Thumb-Flag-Vs-Status.jpg","articleSection":["Derecho n\u00e1utico"],"inLanguage":"es"},{"@type":"WebPage","@id":"https:\/\/almarlawyers.com\/es\/nautical-degrees\/","url":"https:\/\/almarlawyers.com\/es\/nautical-degrees\/","name":"Bandera vs. Estado o T\u00edtulo vs. Residencia - Almar Lawyers","isPartOf":{"@id":"https:\/\/almarlawyers.com\/ca\/#website"},"primaryImageOfPage":{"@id":"https:\/\/almarlawyers.com\/es\/nautical-degrees\/#primaryimage"},"image":{"@id":"https:\/\/almarlawyers.com\/es\/nautical-degrees\/#primaryimage"},"thumbnailUrl":"https:\/\/almarlawyers.com\/wp-content\/uploads\/2020\/12\/Almar-Lawyers-Ibiza-News-Thumb-Flag-Vs-Status.jpg","datePublished":"2015-05-06T14:30:45+00:00","dateModified":"2021-01-07T09:08:52+00:00","breadcrumb":{"@id":"https:\/\/almarlawyers.com\/es\/nautical-degrees\/#breadcrumb"},"inLanguage":"es","potentialAction":[{"@type":"ReadAction","target":["https:\/\/almarlawyers.com\/es\/nautical-degrees\/"]}]},{"@type":"ImageObject","inLanguage":"es","@id":"https:\/\/almarlawyers.com\/es\/nautical-degrees\/#primaryimage","url":"https:\/\/almarlawyers.com\/wp-content\/uploads\/2020\/12\/Almar-Lawyers-Ibiza-News-Thumb-Flag-Vs-Status.jpg","contentUrl":"https:\/\/almarlawyers.com\/wp-content\/uploads\/2020\/12\/Almar-Lawyers-Ibiza-News-Thumb-Flag-Vs-Status.jpg","width":600,"height":400},{"@type":"BreadcrumbList","@id":"https:\/\/almarlawyers.com\/es\/nautical-degrees\/#breadcrumb","itemListElement":[{"@type":"ListItem","position":1,"name":"Home","item":"https:\/\/almarlawyers.com\/es\/"},{"@type":"ListItem","position":2,"name":"Bandera vs. Estado o T\u00edtulo vs. Residencia"}]},{"@type":"WebSite","@id":"https:\/\/almarlawyers.com\/ca\/#website","url":"https:\/\/almarlawyers.com\/ca\/","name":"Almar Lawyers","description":"Your Lawyers in Ibiza","publisher":{"@id":"https:\/\/almarlawyers.com\/ca\/#organization"},"potentialAction":[{"@type":"SearchAction","target":{"@type":"EntryPoint","urlTemplate":"https:\/\/almarlawyers.com\/ca\/?s={search_term_string}"},"query-input":{"@type":"PropertyValueSpecification","valueRequired":true,"valueName":"search_term_string"}}],"inLanguage":"es"},{"@type":"Organization","@id":"https:\/\/almarlawyers.com\/ca\/#organization","name":"Almar Lawyers","url":"https:\/\/almarlawyers.com\/ca\/","logo":{"@type":"ImageObject","inLanguage":"es","@id":"https:\/\/almarlawyers.com\/ca\/#\/schema\/logo\/image\/","url":"https:\/\/almarlawyers.com\/wp-content\/uploads\/2020\/07\/ALMAR-logo-Circle.png","contentUrl":"https:\/\/almarlawyers.com\/wp-content\/uploads\/2020\/07\/ALMAR-logo-Circle.png","width":73,"height":70,"caption":"Almar Lawyers"},"image":{"@id":"https:\/\/almarlawyers.com\/ca\/#\/schema\/logo\/image\/"},"sameAs":["https:\/\/www.instagram.com\/almarlawyers\/","https:\/\/www.linkedin.com\/company\/almarlawyers\/"]},{"@type":"Person","@id":"https:\/\/almarlawyers.com\/ca\/#\/schema\/person\/e402c92e04937776c1a77deec8312d81","name":"A_alm_2020Bes","image":{"@type":"ImageObject","inLanguage":"es","@id":"https:\/\/almarlawyers.com\/ca\/#\/schema\/person\/image\/","url":"https:\/\/secure.gravatar.com\/avatar\/75a54c7b77d83f0d534de24c880477818ee243775b1081c8e20cdf5b41741c45?s=96&d=mm&r=g","contentUrl":"https:\/\/secure.gravatar.com\/avatar\/75a54c7b77d83f0d534de24c880477818ee243775b1081c8e20cdf5b41741c45?s=96&d=mm&r=g","caption":"A_alm_2020Bes"},"sameAs":["https:\/\/almarlawyers.com"],"url":"https:\/\/almarlawyers.com\/es\/author\/a_alm_2020bes\/"}]}},"_links":{"self":[{"href":"https:\/\/almarlawyers.com\/es\/wp-json\/wp\/v2\/posts\/2086","targetHints":{"allow":["GET"]}}],"collection":[{"href":"https:\/\/almarlawyers.com\/es\/wp-json\/wp\/v2\/posts"}],"about":[{"href":"https:\/\/almarlawyers.com\/es\/wp-json\/wp\/v2\/types\/post"}],"author":[{"embeddable":true,"href":"https:\/\/almarlawyers.com\/es\/wp-json\/wp\/v2\/users\/1"}],"replies":[{"embeddable":true,"href":"https:\/\/almarlawyers.com\/es\/wp-json\/wp\/v2\/comments?post=2086"}],"version-history":[{"count":1,"href":"https:\/\/almarlawyers.com\/es\/wp-json\/wp\/v2\/posts\/2086\/revisions"}],"predecessor-version":[{"id":3278,"href":"https:\/\/almarlawyers.com\/es\/wp-json\/wp\/v2\/posts\/2086\/revisions\/3278"}],"wp:featuredmedia":[{"embeddable":true,"href":"https:\/\/almarlawyers.com\/es\/wp-json\/wp\/v2\/media\/1844"}],"wp:attachment":[{"href":"https:\/\/almarlawyers.com\/es\/wp-json\/wp\/v2\/media?parent=2086"}],"wp:term":[{"taxonomy":"category","embeddable":true,"href":"https:\/\/almarlawyers.com\/es\/wp-json\/wp\/v2\/categories?post=2086"},{"taxonomy":"post_tag","embeddable":true,"href":"https:\/\/almarlawyers.com\/es\/wp-json\/wp\/v2\/tags?post=2086"}],"curies":[{"name":"wp","href":"https:\/\/api.w.org\/{rel}","templated":true}]}}